{"id":24556,"date":"2022-11-19T14:23:00","date_gmt":"2022-11-19T14:23:00","guid":{"rendered":"http:\/\/142.132.250.155\/~mac\/?p=24556"},"modified":"2024-11-08T07:54:12","modified_gmt":"2024-11-08T07:54:12","slug":"mesas-de-salon-practicas-para-este-otono","status":"publish","type":"post","link":"https:\/\/macambients.com\/es\/mesas-de-salon-practicas-para-este-otono\/","title":{"rendered":"Mesas de comedor pr\u00e1cticas para este oto\u00f1o"},"content":{"rendered":"<p>Con el oto\u00f1o nos gusta cambiar la decoraci\u00f3n de nuestra casa, darle un toque m\u00e1s acogedor y calentito para prepararla para la bajada de temperaturas. Y seguimos pensando en compartir cenitas con nuestros amigos y comidas en familia para seguir disfrutando juntos\u2026 Pero para ello, debes contar con la mesa de sal\u00f3n ideal para que el encuentro sea todo un \u00e9xito. \u00bfC\u00f3mo es tu mesa de sal\u00f3n?<\/p><p>Aqu\u00ed te mostramos una selecci\u00f3n de las 4 mesas de sal\u00f3n m\u00e1s vendidas y que puedes encontrar en la actualidad para que la vuelta a la rutina despu\u00e9s del verano no signifique dejar de celebrar con los tuyos ni dejar de disfrutar de momentos especiales. Para las cenas de viernes con amigos, las comidas en familia de los domingos, \u2026 encuentra la mesa de sal\u00f3n que mejor encaja a tu vida.<\/p><p>De mesas de sal\u00f3n hay muchas pero debes encontrar aquella que se adapta a la perfecci\u00f3n a tu sal\u00f3n. Antes de lanzarte a la aventura de buscar tu mesa de comedor ideal, debes analizar el espacio disponible, as\u00ed como el estilo que m\u00e1s te pega. Una vez analizado esto, es el momento de ponerte manos a la obra y encontrar l<strong>a m\u00e1s bonita y elegante.<\/strong><\/p><p>No te pierdas las nuevas tendencias. \u00a1Aqu\u00ed te las mostramos!<\/p><p>\u00a1SELECCI\u00d3N N\u00daMERO 1!<br><strong>MESA DE CENTRO ELEVABLE Y EXTENSIBLE<br><a href=\"https:\/\/macambients.com\/es\/product\/t-04\/\">COMPRAR MESA DE CENTRO ELEVABLE Y EXTENSIBLE&nbsp;&nbsp;<\/a><\/strong><\/p><figure class=\"wp-block-image size-large\"><a href=\"https:\/\/macambients.com\/wp-content\/uploads\/2022\/10\/Pemi-LW-008-scaled-1.jpg\"><img loading=\"lazy\" decoding=\"async\" width=\"1024\" height=\"741\" src=\"https:\/\/macambients.com\/wp-content\/uploads\/2022\/10\/Pemi-LW-008-scaled-1-1024x741.jpg\" alt=\"\" class=\"wp-image-23609\" srcset=\"https:\/\/macambients.com\/wp-content\/uploads\/2022\/10\/Pemi-LW-008-scaled-1-1024x741.jpg 1024w, https:\/\/macambients.com\/wp-content\/uploads\/2022\/10\/Pemi-LW-008-scaled-1-193x140.jpg 193w, https:\/\/macambients.com\/wp-content\/uploads\/2022\/10\/Pemi-LW-008-scaled-1-836x605.jpg 836w, https:\/\/macambients.com\/wp-content\/uploads\/2022\/10\/Pemi-LW-008-scaled-1-300x217.jpg 300w, https:\/\/macambients.com\/wp-content\/uploads\/2022\/10\/Pemi-LW-008-scaled-1-768x556.jpg 768w, https:\/\/macambients.com\/wp-content\/uploads\/2022\/10\/Pemi-LW-008-scaled-1-1536x1111.jpg 1536w, https:\/\/macambients.com\/wp-content\/uploads\/2022\/10\/Pemi-LW-008-scaled-1-2048x1482.jpg 2048w\" sizes=\"(max-width: 1024px) 100vw, 1024px\" \/><\/a><\/figure><p>\u00bfMagia? Como si lo fuera. Esta maravillosa mesa es una mesa de centro que se convierte en mesa de comedor. Idea genial para sal\u00f3n peque\u00f1o. Tiene encima de madera y pies lacados. Adem\u00e1s, est\u00e1 disponible con sistema de apertura con pulsador, mando o app m\u00f3vil.<\/p><figure class=\"wp-block-image size-large\"><a href=\"https:\/\/macambients.com\/wp-content\/uploads\/2022\/10\/Pemi-LW-004-scaled-1.jpg\"><img loading=\"lazy\" decoding=\"async\" width=\"1024\" height=\"732\" src=\"https:\/\/macambients.com\/wp-content\/uploads\/2022\/10\/Pemi-LW-004-scaled-1-1024x732.jpg\" alt=\"\" class=\"wp-image-23606\" srcset=\"https:\/\/macambients.com\/wp-content\/uploads\/2022\/10\/Pemi-LW-004-scaled-1-1024x732.jpg 1024w, https:\/\/macambients.com\/wp-content\/uploads\/2022\/10\/Pemi-LW-004-scaled-1-193x138.jpg 193w, https:\/\/macambients.com\/wp-content\/uploads\/2022\/10\/Pemi-LW-004-scaled-1-836x598.jpg 836w, https:\/\/macambients.com\/wp-content\/uploads\/2022\/10\/Pemi-LW-004-scaled-1-300x215.jpg 300w, https:\/\/macambients.com\/wp-content\/uploads\/2022\/10\/Pemi-LW-004-scaled-1-768x549.jpg 768w, https:\/\/macambients.com\/wp-content\/uploads\/2022\/10\/Pemi-LW-004-scaled-1-1536x1099.jpg 1536w, https:\/\/macambients.com\/wp-content\/uploads\/2022\/10\/Pemi-LW-004-scaled-1-2048x1465.jpg 2048w\" sizes=\"(max-width: 1024px) 100vw, 1024px\" \/><\/a><\/figure><p>\u00a1SELECCI\u00d3N N\u00daMERO 2!<br><strong>MESA DE COMEDOR FIJA<br><a href=\"https:\/\/macambients.com\/es\/product\/t-02\/\">COMPRAR MESA DE COMEDOR FIJA<\/a><\/strong><\/p><figure class=\"wp-block-image size-large\"><a href=\"https:\/\/macambients.com\/wp-content\/uploads\/2022\/11\/PEMI_ARCO-FIJA-PATA-ANTRACITA-MARNI.jpg\"><img loading=\"lazy\" decoding=\"async\" width=\"1024\" height=\"763\" src=\"https:\/\/macambients.com\/wp-content\/uploads\/2022\/11\/PEMI_ARCO-FIJA-PATA-ANTRACITA-MARNI-1024x763.jpg\" alt=\"\" class=\"wp-image-24557\" srcset=\"https:\/\/macambients.com\/wp-content\/uploads\/2022\/11\/PEMI_ARCO-FIJA-PATA-ANTRACITA-MARNI-1024x763.jpg 1024w, https:\/\/macambients.com\/wp-content\/uploads\/2022\/11\/PEMI_ARCO-FIJA-PATA-ANTRACITA-MARNI-193x144.jpg 193w, https:\/\/macambients.com\/wp-content\/uploads\/2022\/11\/PEMI_ARCO-FIJA-PATA-ANTRACITA-MARNI-836x623.jpg 836w, https:\/\/macambients.com\/wp-content\/uploads\/2022\/11\/PEMI_ARCO-FIJA-PATA-ANTRACITA-MARNI-300x224.jpg 300w, https:\/\/macambients.com\/wp-content\/uploads\/2022\/11\/PEMI_ARCO-FIJA-PATA-ANTRACITA-MARNI-768x572.jpg 768w, https:\/\/macambients.com\/wp-content\/uploads\/2022\/11\/PEMI_ARCO-FIJA-PATA-ANTRACITA-MARNI-1536x1144.jpg 1536w, https:\/\/macambients.com\/wp-content\/uploads\/2022\/11\/PEMI_ARCO-FIJA-PATA-ANTRACITA-MARNI.jpg 2000w\" sizes=\"(max-width: 1024px) 100vw, 1024px\" \/><\/a><\/figure><p>Si dispones de un espacio amplio en tu comedor, puedes disfrutar de lucir una mesa de comedor fija. Este modelo que te proponemos tiene encima de chapa natural y pies met\u00e1licos. Disponible en varias medidas.<\/p><p>\u00a1SELECCI\u00d3N N\u00daMERO 3!<br><strong>MESA DE CRISTAL EXTENSIBLE<br><a href=\"https:\/\/macambients.com\/product\/neira\/\">COMPRAR MESA DE CRISTAL<\/a><\/strong><\/p><figure class=\"wp-block-image size-large\"><a href=\"https:\/\/macambients.com\/wp-content\/uploads\/2022\/06\/Karina-Vidre-B.jpg\"><img loading=\"lazy\" decoding=\"async\" width=\"1024\" height=\"717\" src=\"https:\/\/macambients.com\/wp-content\/uploads\/2022\/06\/Karina-Vidre-B-1024x717.jpg\" alt=\"\" class=\"wp-image-6071\" srcset=\"https:\/\/macambients.com\/wp-content\/uploads\/2022\/06\/Karina-Vidre-B-1024x717.jpg 1024w, https:\/\/macambients.com\/wp-content\/uploads\/2022\/06\/Karina-Vidre-B-193x135.jpg 193w, https:\/\/macambients.com\/wp-content\/uploads\/2022\/06\/Karina-Vidre-B-836x585.jpg 836w, https:\/\/macambients.com\/wp-content\/uploads\/2022\/06\/Karina-Vidre-B-300x210.jpg 300w, https:\/\/macambients.com\/wp-content\/uploads\/2022\/06\/Karina-Vidre-B-768x538.jpg 768w, https:\/\/macambients.com\/wp-content\/uploads\/2022\/06\/Karina-Vidre-B-1536x1075.jpg 1536w, https:\/\/macambients.com\/wp-content\/uploads\/2022\/06\/Karina-Vidre-B-600x420.jpg 600w, https:\/\/macambients.com\/wp-content\/uploads\/2022\/06\/Karina-Vidre-B.jpg 1600w\" sizes=\"(max-width: 1024px) 100vw, 1024px\" \/><\/a><\/figure><p>Si tu comedor tiene un look blanco y luminoso, le quedar\u00e1 genial una mesa de comedor blanca, con sus sillas a conjunto. Esta propuesta de cristal blanco es ideal. La mesa incorpora patas met\u00e1licas de aluminio epoxi y tiene varios extensibles de cristal con apertura por los laterales.<\/p><p>Pero si te gusta este modelo y quieres otro color y acabado, tambi\u00e9n lo tenemos disponible.<\/p><p>SELECCI\u00d3N N\u00daMERO 4<br><strong>MESA REDONDA DE MADERA NATURAL<br><a href=\"https:\/\/macambients.com\/es\/product\/t-03\/\">COMPRAR MESA REDONDA DE MADERA NATURAL<\/a><\/strong>&nbsp;<\/p><figure class=\"wp-block-image size-large\"><a href=\"https:\/\/macambients.com\/wp-content\/uploads\/2022\/10\/Pemi-Hiedra-sillas-Balvet-01-scaled-1.jpg\"><img loading=\"lazy\" decoding=\"async\" width=\"904\" height=\"1024\" src=\"https:\/\/macambients.com\/wp-content\/uploads\/2022\/10\/Pemi-Hiedra-sillas-Balvet-01-scaled-1-904x1024.jpg\" alt=\"\" class=\"wp-image-23602\" srcset=\"https:\/\/macambients.com\/wp-content\/uploads\/2022\/10\/Pemi-Hiedra-sillas-Balvet-01-scaled-1-904x1024.jpg 904w, https:\/\/macambients.com\/wp-content\/uploads\/2022\/10\/Pemi-Hiedra-sillas-Balvet-01-scaled-1-170x193.jpg 170w, https:\/\/macambients.com\/wp-content\/uploads\/2022\/10\/Pemi-Hiedra-sillas-Balvet-01-scaled-1-836x947.jpg 836w, https:\/\/macambients.com\/wp-content\/uploads\/2022\/10\/Pemi-Hiedra-sillas-Balvet-01-scaled-1-265x300.jpg 265w, https:\/\/macambients.com\/wp-content\/uploads\/2022\/10\/Pemi-Hiedra-sillas-Balvet-01-scaled-1-768x870.jpg 768w, https:\/\/macambients.com\/wp-content\/uploads\/2022\/10\/Pemi-Hiedra-sillas-Balvet-01-scaled-1-1356x1536.jpg 1356w, https:\/\/macambients.com\/wp-content\/uploads\/2022\/10\/Pemi-Hiedra-sillas-Balvet-01-scaled-1-1808x2048.jpg 1808w\" sizes=\"(max-width: 904px) 100vw, 904px\" \/><\/a><\/figure><p>Una mesa cuca redonda que ocupa el m\u00ednimo espacio. Pero al tratarse de un modelo extensible, la puedes convertir en una mesa de comedor de hasta 175 \/190 cm.&nbsp; La puedes elegir de haya o de roble y cuando est\u00e1 sin extender, puedes cogerla de 105 cm o 120 cm.<\/p><figure class=\"wp-block-image size-large\"><a href=\"https:\/\/macambients.com\/wp-content\/uploads\/2022\/10\/Pemi-Hiedra-sillas-Balvet-02-scaled-1.jpg\"><img loading=\"lazy\" decoding=\"async\" width=\"1024\" height=\"775\" src=\"https:\/\/macambients.com\/wp-content\/uploads\/2022\/10\/Pemi-Hiedra-sillas-Balvet-02-scaled-1-1024x775.jpg\" alt=\"\" class=\"wp-image-23599\" srcset=\"https:\/\/macambients.com\/wp-content\/uploads\/2022\/10\/Pemi-Hiedra-sillas-Balvet-02-scaled-1-1024x775.jpg 1024w, https:\/\/macambients.com\/wp-content\/uploads\/2022\/10\/Pemi-Hiedra-sillas-Balvet-02-scaled-1-193x146.jpg 193w, https:\/\/macambients.com\/wp-content\/uploads\/2022\/10\/Pemi-Hiedra-sillas-Balvet-02-scaled-1-836x633.jpg 836w, https:\/\/macambients.com\/wp-content\/uploads\/2022\/10\/Pemi-Hiedra-sillas-Balvet-02-scaled-1-300x227.jpg 300w, https:\/\/macambients.com\/wp-content\/uploads\/2022\/10\/Pemi-Hiedra-sillas-Balvet-02-scaled-1-768x581.jpg 768w, https:\/\/macambients.com\/wp-content\/uploads\/2022\/10\/Pemi-Hiedra-sillas-Balvet-02-scaled-1-1536x1162.jpg 1536w, https:\/\/macambients.com\/wp-content\/uploads\/2022\/10\/Pemi-Hiedra-sillas-Balvet-02-scaled-1-2048x1550.jpg 2048w\" sizes=\"(max-width: 1024px) 100vw, 1024px\" \/><\/a><\/figure><p>Apuesta por la madera para este oto\u00f1o y si quieres que tenga un toque m\u00e1s industrial, elige una con estructura de metal. <strong>Aqu\u00ed puedes consultar todos los modelos de mesas de comedor&nbsp; <\/strong><a href=\"https:\/\/macambients.com\/es\/categoria-producto\/mesas\/mesas-comedor\/\">https:\/\/macmobles.com\/categoria\/comedores\/mesas-comedor\/<\/a><\/p><p><\/p>","protected":false},"excerpt":{"rendered":"<p>Con el oto\u00f1o nos gusta cambiar la decoraci\u00f3n de nuestra casa, darle un toque m\u00e1s acogedor y calentito para prepararla para la bajada de temperaturas. Y seguimos pensando en compartir cenitas con nuestros amigos y comidas en familia para seguir disfrutando juntos\u2026 Pero para ello, debes contar con la mesa de sal\u00f3n ideal para que [&hellip;]<\/p>\n","protected":false},"author":1,"featured_media":24557,"comment_status":"closed","ping_status":"closed","sticky":false,"template":"","format":"standard","meta":{"_acf_changed":false,"_joinchat":[],"footnotes":""},"categories":[757],"tags":[],"class_list":["post-24556","post","type-post","status-publish","format-standard","has-post-thumbnail","hentry","category-consejos"],"acf":[],"yoast_head":"<!-- This site is optimized with the Yoast SEO plugin v23.3 - https:\/\/yoast.com\/wordpress\/plugins\/seo\/ -->\n<title>Mesas de Comedor Pr\u00e1cticas, ideales Para Este oto\u00f1o<\/title>\n<meta name=\"description\" content=\"\u00a1Consigue una mesa de comedor pr\u00e1ctica! Nuestra selecci\u00f3n de mesas te da la combinaci\u00f3n perfecta de versatilidad, funcionalidad y elegancia para tu hogar.\" \/>\n<meta name=\"robots\" content=\"index, follow, max-snippet:-1, max-image-preview:large, max-video-preview:-1\" \/>\n<link rel=\"canonical\" href=\"https:\/\/macambients.com\/es\/mesas-de-salon-practicas-para-este-otono\/\" \/>\n<meta property=\"og:locale\" content=\"es_ES\" \/>\n<meta property=\"og:type\" content=\"article\" \/>\n<meta property=\"og:title\" content=\"Mesas de Comedor Pr\u00e1cticas, ideales Para Este oto\u00f1o\" \/>\n<meta property=\"og:description\" content=\"\u00a1Consigue una mesa de comedor pr\u00e1ctica! Nuestra selecci\u00f3n de mesas te da la combinaci\u00f3n perfecta de versatilidad, funcionalidad y elegancia para tu hogar.\" \/>\n<meta property=\"og:url\" content=\"https:\/\/macambients.com\/es\/mesas-de-salon-practicas-para-este-otono\/\" \/>\n<meta property=\"og:site_name\" content=\"MAC - Ambients Singulars\" \/>\n<meta property=\"article:published_time\" content=\"2022-11-19T14:23:00+00:00\" \/>\n<meta property=\"article:modified_time\" content=\"2024-11-08T07:54:12+00:00\" \/>\n<meta property=\"og:image\" content=\"https:\/\/macambients.com\/wp-content\/uploads\/2022\/11\/PEMI_ARCO-FIJA-PATA-ANTRACITA-MARNI.jpg\" \/>\n\t<meta property=\"og:image:width\" content=\"2000\" \/>\n\t<meta property=\"og:image:height\" content=\"1490\" \/>\n\t<meta property=\"og:image:type\" content=\"image\/jpeg\" \/>\n<meta name=\"author\" content=\"macammaster\" \/>\n<meta name=\"twitter:card\" content=\"summary_large_image\" \/>\n<meta name=\"twitter:label1\" content=\"Escrito por\" \/>\n\t<meta name=\"twitter:data1\" content=\"macammaster\" \/>\n\t<meta name=\"twitter:label2\" content=\"Tiempo de lectura\" \/>\n\t<meta name=\"twitter:data2\" content=\"4 minutos\" \/>\n<script type=\"application\/ld+json\" class=\"yoast-schema-graph\">{\"@context\":\"https:\/\/schema.org\",\"@graph\":[{\"@type\":\"Article\",\"@id\":\"https:\/\/macambients.com\/es\/mesas-de-salon-practicas-para-este-otono\/#article\",\"isPartOf\":{\"@id\":\"https:\/\/macambients.com\/es\/mesas-de-salon-practicas-para-este-otono\/\"},\"author\":{\"name\":\"macammaster\",\"@id\":\"https:\/\/macambients.com\/es\/#\/schema\/person\/e5585980357091394c6755d88cd37900\"},\"headline\":\"Mesas de comedor pr\u00e1cticas para este oto\u00f1o\",\"datePublished\":\"2022-11-19T14:23:00+00:00\",\"dateModified\":\"2024-11-08T07:54:12+00:00\",\"mainEntityOfPage\":{\"@id\":\"https:\/\/macambients.com\/es\/mesas-de-salon-practicas-para-este-otono\/\"},\"wordCount\":536,\"publisher\":{\"@id\":\"https:\/\/macambients.com\/es\/#organization\"},\"image\":{\"@id\":\"https:\/\/macambients.com\/es\/mesas-de-salon-practicas-para-este-otono\/#primaryimage\"},\"thumbnailUrl\":\"https:\/\/macambients.com\/wp-content\/uploads\/2022\/11\/PEMI_ARCO-FIJA-PATA-ANTRACITA-MARNI.jpg\",\"articleSection\":[\"Consejos\"],\"inLanguage\":\"es\"},{\"@type\":\"WebPage\",\"@id\":\"https:\/\/macambients.com\/es\/mesas-de-salon-practicas-para-este-otono\/\",\"url\":\"https:\/\/macambients.com\/es\/mesas-de-salon-practicas-para-este-otono\/\",\"name\":\"Mesas de Comedor Pr\u00e1cticas, ideales Para Este oto\u00f1o\",\"isPartOf\":{\"@id\":\"https:\/\/macambients.com\/es\/#website\"},\"primaryImageOfPage\":{\"@id\":\"https:\/\/macambients.com\/es\/mesas-de-salon-practicas-para-este-otono\/#primaryimage\"},\"image\":{\"@id\":\"https:\/\/macambients.com\/es\/mesas-de-salon-practicas-para-este-otono\/#primaryimage\"},\"thumbnailUrl\":\"https:\/\/macambients.com\/wp-content\/uploads\/2022\/11\/PEMI_ARCO-FIJA-PATA-ANTRACITA-MARNI.jpg\",\"datePublished\":\"2022-11-19T14:23:00+00:00\",\"dateModified\":\"2024-11-08T07:54:12+00:00\",\"description\":\"\u00a1Consigue una mesa de comedor pr\u00e1ctica! Nuestra selecci\u00f3n de mesas te da la combinaci\u00f3n perfecta de versatilidad, funcionalidad y elegancia para tu hogar.\",\"breadcrumb\":{\"@id\":\"https:\/\/macambients.com\/es\/mesas-de-salon-practicas-para-este-otono\/#breadcrumb\"},\"inLanguage\":\"es\",\"potentialAction\":[{\"@type\":\"ReadAction\",\"target\":[\"https:\/\/macambients.com\/es\/mesas-de-salon-practicas-para-este-otono\/\"]}]},{\"@type\":\"ImageObject\",\"inLanguage\":\"es\",\"@id\":\"https:\/\/macambients.com\/es\/mesas-de-salon-practicas-para-este-otono\/#primaryimage\",\"url\":\"https:\/\/macambients.com\/wp-content\/uploads\/2022\/11\/PEMI_ARCO-FIJA-PATA-ANTRACITA-MARNI.jpg\",\"contentUrl\":\"https:\/\/macambients.com\/wp-content\/uploads\/2022\/11\/PEMI_ARCO-FIJA-PATA-ANTRACITA-MARNI.jpg\",\"width\":2000,\"height\":1490},{\"@type\":\"BreadcrumbList\",\"@id\":\"https:\/\/macambients.com\/es\/mesas-de-salon-practicas-para-este-otono\/#breadcrumb\",\"itemListElement\":[{\"@type\":\"ListItem\",\"position\":1,\"name\":\"Home\",\"item\":\"https:\/\/macambients.com\/es\/\"},{\"@type\":\"ListItem\",\"position\":2,\"name\":\"Mesas de comedor pr\u00e1cticas para este oto\u00f1o\"}]},{\"@type\":\"WebSite\",\"@id\":\"https:\/\/macambients.com\/es\/#website\",\"url\":\"https:\/\/macambients.com\/es\/\",\"name\":\"MAC - Ambients Singulars\",\"description\":\"\",\"publisher\":{\"@id\":\"https:\/\/macambients.com\/es\/#organization\"},\"potentialAction\":[{\"@type\":\"SearchAction\",\"target\":{\"@type\":\"EntryPoint\",\"urlTemplate\":\"https:\/\/macambients.com\/es\/?s={search_term_string}\"},\"query-input\":\"required name=search_term_string\"}],\"inLanguage\":\"es\"},{\"@type\":\"Organization\",\"@id\":\"https:\/\/macambients.com\/es\/#organization\",\"name\":\"MAC - Ambients Singulars\",\"url\":\"https:\/\/macambients.com\/es\/\",\"logo\":{\"@type\":\"ImageObject\",\"inLanguage\":\"es\",\"@id\":\"https:\/\/macambients.com\/es\/#\/schema\/logo\/image\/\",\"url\":\"https:\/\/macambients.com\/wp-content\/uploads\/2022\/12\/logo.png\",\"contentUrl\":\"https:\/\/macambients.com\/wp-content\/uploads\/2022\/12\/logo.png\",\"width\":270,\"height\":55,\"caption\":\"MAC - Ambients Singulars\"},\"image\":{\"@id\":\"https:\/\/macambients.com\/es\/#\/schema\/logo\/image\/\"}},{\"@type\":\"Person\",\"@id\":\"https:\/\/macambients.com\/es\/#\/schema\/person\/e5585980357091394c6755d88cd37900\",\"name\":\"macammaster\",\"image\":{\"@type\":\"ImageObject\",\"inLanguage\":\"es\",\"@id\":\"https:\/\/macambients.com\/es\/#\/schema\/person\/image\/\",\"url\":\"https:\/\/secure.gravatar.com\/avatar\/9b6586ef0cc18528a7491e009e4367be?s=96&d=mm&r=g\",\"contentUrl\":\"https:\/\/secure.gravatar.com\/avatar\/9b6586ef0cc18528a7491e009e4367be?s=96&d=mm&r=g\",\"caption\":\"macammaster\"},\"url\":\"https:\/\/macambients.com\/es\/author\/admin\/\"}]}<\/script>\n<!-- \/ Yoast SEO plugin. -->","yoast_head_json":{"title":"Mesas de Comedor Pr\u00e1cticas, ideales Para Este oto\u00f1o","description":"\u00a1Consigue una mesa de comedor pr\u00e1ctica! Nuestra selecci\u00f3n de mesas te da la combinaci\u00f3n perfecta de versatilidad, funcionalidad y elegancia para tu hogar.","robots":{"index":"index","follow":"follow","max-snippet":"max-snippet:-1","max-image-preview":"max-image-preview:large","max-video-preview":"max-video-preview:-1"},"canonical":"https:\/\/macambients.com\/es\/mesas-de-salon-practicas-para-este-otono\/","og_locale":"es_ES","og_type":"article","og_title":"Mesas de Comedor Pr\u00e1cticas, ideales Para Este oto\u00f1o","og_description":"\u00a1Consigue una mesa de comedor pr\u00e1ctica! Nuestra selecci\u00f3n de mesas te da la combinaci\u00f3n perfecta de versatilidad, funcionalidad y elegancia para tu hogar.","og_url":"https:\/\/macambients.com\/es\/mesas-de-salon-practicas-para-este-otono\/","og_site_name":"MAC - Ambients Singulars","article_published_time":"2022-11-19T14:23:00+00:00","article_modified_time":"2024-11-08T07:54:12+00:00","og_image":[{"width":2000,"height":1490,"url":"https:\/\/macambients.com\/wp-content\/uploads\/2022\/11\/PEMI_ARCO-FIJA-PATA-ANTRACITA-MARNI.jpg","type":"image\/jpeg"}],"author":"macammaster","twitter_card":"summary_large_image","twitter_misc":{"Escrito por":"macammaster","Tiempo de lectura":"4 minutos"},"schema":{"@context":"https:\/\/schema.org","@graph":[{"@type":"Article","@id":"https:\/\/macambients.com\/es\/mesas-de-salon-practicas-para-este-otono\/#article","isPartOf":{"@id":"https:\/\/macambients.com\/es\/mesas-de-salon-practicas-para-este-otono\/"},"author":{"name":"macammaster","@id":"https:\/\/macambients.com\/es\/#\/schema\/person\/e5585980357091394c6755d88cd37900"},"headline":"Mesas de comedor pr\u00e1cticas para este oto\u00f1o","datePublished":"2022-11-19T14:23:00+00:00","dateModified":"2024-11-08T07:54:12+00:00","mainEntityOfPage":{"@id":"https:\/\/macambients.com\/es\/mesas-de-salon-practicas-para-este-otono\/"},"wordCount":536,"publisher":{"@id":"https:\/\/macambients.com\/es\/#organization"},"image":{"@id":"https:\/\/macambients.com\/es\/mesas-de-salon-practicas-para-este-otono\/#primaryimage"},"thumbnailUrl":"https:\/\/macambients.com\/wp-content\/uploads\/2022\/11\/PEMI_ARCO-FIJA-PATA-ANTRACITA-MARNI.jpg","articleSection":["Consejos"],"inLanguage":"es"},{"@type":"WebPage","@id":"https:\/\/macambients.com\/es\/mesas-de-salon-practicas-para-este-otono\/","url":"https:\/\/macambients.com\/es\/mesas-de-salon-practicas-para-este-otono\/","name":"Mesas de Comedor Pr\u00e1cticas, ideales Para Este oto\u00f1o","isPartOf":{"@id":"https:\/\/macambients.com\/es\/#website"},"primaryImageOfPage":{"@id":"https:\/\/macambients.com\/es\/mesas-de-salon-practicas-para-este-otono\/#primaryimage"},"image":{"@id":"https:\/\/macambients.com\/es\/mesas-de-salon-practicas-para-este-otono\/#primaryimage"},"thumbnailUrl":"https:\/\/macambients.com\/wp-content\/uploads\/2022\/11\/PEMI_ARCO-FIJA-PATA-ANTRACITA-MARNI.jpg","datePublished":"2022-11-19T14:23:00+00:00","dateModified":"2024-11-08T07:54:12+00:00","description":"\u00a1Consigue una mesa de comedor pr\u00e1ctica! Nuestra selecci\u00f3n de mesas te da la combinaci\u00f3n perfecta de versatilidad, funcionalidad y elegancia para tu hogar.","breadcrumb":{"@id":"https:\/\/macambients.com\/es\/mesas-de-salon-practicas-para-este-otono\/#breadcrumb"},"inLanguage":"es","potentialAction":[{"@type":"ReadAction","target":["https:\/\/macambients.com\/es\/mesas-de-salon-practicas-para-este-otono\/"]}]},{"@type":"ImageObject","inLanguage":"es","@id":"https:\/\/macambients.com\/es\/mesas-de-salon-practicas-para-este-otono\/#primaryimage","url":"https:\/\/macambients.com\/wp-content\/uploads\/2022\/11\/PEMI_ARCO-FIJA-PATA-ANTRACITA-MARNI.jpg","contentUrl":"https:\/\/macambients.com\/wp-content\/uploads\/2022\/11\/PEMI_ARCO-FIJA-PATA-ANTRACITA-MARNI.jpg","width":2000,"height":1490},{"@type":"BreadcrumbList","@id":"https:\/\/macambients.com\/es\/mesas-de-salon-practicas-para-este-otono\/#breadcrumb","itemListElement":[{"@type":"ListItem","position":1,"name":"Home","item":"https:\/\/macambients.com\/es\/"},{"@type":"ListItem","position":2,"name":"Mesas de comedor pr\u00e1cticas para este oto\u00f1o"}]},{"@type":"WebSite","@id":"https:\/\/macambients.com\/es\/#website","url":"https:\/\/macambients.com\/es\/","name":"MAC - Ambients Singulars","description":"","publisher":{"@id":"https:\/\/macambients.com\/es\/#organization"},"potentialAction":[{"@type":"SearchAction","target":{"@type":"EntryPoint","urlTemplate":"https:\/\/macambients.com\/es\/?s={search_term_string}"},"query-input":"required name=search_term_string"}],"inLanguage":"es"},{"@type":"Organization","@id":"https:\/\/macambients.com\/es\/#organization","name":"MAC - Ambients Singulars","url":"https:\/\/macambients.com\/es\/","logo":{"@type":"ImageObject","inLanguage":"es","@id":"https:\/\/macambients.com\/es\/#\/schema\/logo\/image\/","url":"https:\/\/macambients.com\/wp-content\/uploads\/2022\/12\/logo.png","contentUrl":"https:\/\/macambients.com\/wp-content\/uploads\/2022\/12\/logo.png","width":270,"height":55,"caption":"MAC - Ambients Singulars"},"image":{"@id":"https:\/\/macambients.com\/es\/#\/schema\/logo\/image\/"}},{"@type":"Person","@id":"https:\/\/macambients.com\/es\/#\/schema\/person\/e5585980357091394c6755d88cd37900","name":"macammaster","image":{"@type":"ImageObject","inLanguage":"es","@id":"https:\/\/macambients.com\/es\/#\/schema\/person\/image\/","url":"https:\/\/secure.gravatar.com\/avatar\/9b6586ef0cc18528a7491e009e4367be?s=96&d=mm&r=g","contentUrl":"https:\/\/secure.gravatar.com\/avatar\/9b6586ef0cc18528a7491e009e4367be?s=96&d=mm&r=g","caption":"macammaster"},"url":"https:\/\/macambients.com\/es\/author\/admin\/"}]}},"_links":{"self":[{"href":"https:\/\/macambients.com\/es\/wp-json\/wp\/v2\/posts\/24556"}],"collection":[{"href":"https:\/\/macambients.com\/es\/wp-json\/wp\/v2\/posts"}],"about":[{"href":"https:\/\/macambients.com\/es\/wp-json\/wp\/v2\/types\/post"}],"author":[{"embeddable":true,"href":"https:\/\/macambients.com\/es\/wp-json\/wp\/v2\/users\/1"}],"replies":[{"embeddable":true,"href":"https:\/\/macambients.com\/es\/wp-json\/wp\/v2\/comments?post=24556"}],"version-history":[{"count":11,"href":"https:\/\/macambients.com\/es\/wp-json\/wp\/v2\/posts\/24556\/revisions"}],"predecessor-version":[{"id":28013,"href":"https:\/\/macambients.com\/es\/wp-json\/wp\/v2\/posts\/24556\/revisions\/28013"}],"wp:featuredmedia":[{"embeddable":true,"href":"https:\/\/macambients.com\/es\/wp-json\/wp\/v2\/media\/24557"}],"wp:attachment":[{"href":"https:\/\/macambients.com\/es\/wp-json\/wp\/v2\/media?parent=24556"}],"wp:term":[{"taxonomy":"category","embeddable":true,"href":"https:\/\/macambients.com\/es\/wp-json\/wp\/v2\/categories?post=24556"},{"taxonomy":"post_tag","embeddable":true,"href":"https:\/\/macambients.com\/es\/wp-json\/wp\/v2\/tags?post=24556"}],"curies":[{"name":"wp","href":"https:\/\/api.w.org\/{rel}","templated":true}]}}